{"id":242,"date":"2026-02-09T08:21:08","date_gmt":"2026-02-09T07:21:08","guid":{"rendered":"https:\/\/judo-club-gourdon.fr\/?p=242"},"modified":"2026-02-09T08:29:50","modified_gmt":"2026-02-09T07:29:50","slug":"de-tout-jeunes-judokas-en-competition","status":"publish","type":"post","link":"https:\/\/judo-club-gourdon.fr\/index.php\/2026\/02\/09\/de-tout-jeunes-judokas-en-competition\/","title":{"rendered":"De tout jeunes judokas en comp\u00e9tition"},"content":{"rendered":"\n<p>Laetitia Fenelle \/ Patrice Sanz<\/p>\n\n\n\n<p>1* animation d\u00e9partementale : 15\/11\/25<\/p>\n\n\n\n<figure class=\"wp-block-image size-large\"><img loading=\"lazy\" decoding=\"async\" width=\"1024\" height=\"682\" src=\"https:\/\/judo-club-gourdon.fr\/wp-content\/uploads\/2026\/02\/1125-1024x682.jpg\" alt=\"\" class=\"wp-image-243\" srcset=\"https:\/\/judo-club-gourdon.fr\/wp-content\/uploads\/2026\/02\/1125-1024x682.jpg 1024w, https:\/\/judo-club-gourdon.fr\/wp-content\/uploads\/2026\/02\/1125-300x200.jpg 300w, https:\/\/judo-club-gourdon.fr\/wp-content\/uploads\/2026\/02\/1125-768x512.jpg 768w, https:\/\/judo-club-gourdon.fr\/wp-content\/uploads\/2026\/02\/1125.jpg 1280w\" sizes=\"auto, (max-width: 1024px) 100vw, 1024px\" \/><\/figure>\n\n\n\n<p>Ce dimanche, le gymnase du Vigan en Quercy s&rsquo;est transform\u00e9 en un gigantesque<\/p>\n\n\n\n<p>dojo pour recevoir une comp\u00e9tition de judo \u00e0 classement individuel, \u00e0 laquelle participaient quatorze clubs lotois.<\/p>\n\n\n\n<p>Un cours de Jiu-jitsu a \u00e9t\u00e9 donn\u00e9 le matin sous la direction du Figeacois Pascal Marcenac, 5*dan. L&rsquo;apr\u00e8s midi les judokas se sont d\u00e9fi\u00e9s lord de cette demi-journ\u00e9e de s\u00e9lection mini-poussins, poussins et benjamins. Les finales se d\u00e9rouleront \u00e0 Cahors en mai 2026.<\/p>\n\n\n\n<p>150 judokas ont foul\u00e9 les tatamis sous la direction de Laetitia Fenelle, championne du monde v\u00e9t\u00e9rans et licenci\u00e9e \u00e0 Cahors.D&rsquo;avoir choisi Le Vigan, argumente Patrice Sans, pr\u00e9sident du Comit\u00e9 d\u00e9partemental de Judo, 7* dan et haut grad\u00e9 de la f\u00e9d\u00e9ration fran\u00e7aise de judo, est une d\u00e9cision prise par le Comit\u00e9 d\u00e9partemental afin de d\u00e9centraliser les \u00e9v\u00e8nements sur le Lot. Ainsi Cahors, Figeac, Le Vigan en Quercy( organis\u00e9 par le club de Gourdon\/Salviac)re\u00e7oivent d\u00e9sormais les comp\u00e9titions.<\/p>\n\n\n\n<p><\/p>\n","protected":false},"excerpt":{"rendered":"<p>Laetitia Fenelle \/ Patrice Sanz 1* animation d\u00e9partementale : 15\/11\/25 Ce dimanche, le gymnase du Vigan en Quercy s&rsquo;est transform\u00e9 en un gigantesque dojo pour recevoir une comp\u00e9tition de judo \u00e0 classement individuel, \u00e0 laquelle participaient quatorze clubs lotois. Un cours de Jiu-jitsu a \u00e9t\u00e9 donn\u00e9 le matin sous la direction du Figeacois Pascal Marcenac, [&hellip;]<\/p>\n","protected":false},"author":2,"featured_media":0,"comment_status":"closed","ping_status":"open","sticky":false,"template":"","format":"standard","meta":{"footnotes":""},"categories":[1],"tags":[],"class_list":["post-242","post","type-post","status-publish","format-standard","hentry","category-non-classe"],"yoast_head":"<!-- This site is optimized with the Yoast SEO plugin v24.0 - https:\/\/yoast.com\/wordpress\/plugins\/seo\/ -->\n<title>De tout jeunes judokas en comp\u00e9tition - Judo Club Gourdon<\/title>\n<meta name=\"robots\" content=\"index, follow, max-snippet:-1, max-image-preview:large, max-video-preview:-1\" \/>\n<link rel=\"canonical\" href=\"https:\/\/judo-club-gourdon.fr\/index.php\/2026\/02\/09\/de-tout-jeunes-judokas-en-competition\/\" \/>\n<meta property=\"og:locale\" content=\"fr_FR\" \/>\n<meta property=\"og:type\" content=\"article\" \/>\n<meta property=\"og:title\" content=\"De tout jeunes judokas en comp\u00e9tition - Judo Club Gourdon\" \/>\n<meta property=\"og:description\" content=\"Laetitia Fenelle \/ Patrice Sanz 1* animation d\u00e9partementale : 15\/11\/25 Ce dimanche, le gymnase du Vigan en Quercy s&rsquo;est transform\u00e9 en un gigantesque dojo pour recevoir une comp\u00e9tition de judo \u00e0 classement individuel, \u00e0 laquelle participaient quatorze clubs lotois. Un cours de Jiu-jitsu a \u00e9t\u00e9 donn\u00e9 le matin sous la direction du Figeacois Pascal Marcenac, [&hellip;]\" \/>\n<meta property=\"og:url\" content=\"https:\/\/judo-club-gourdon.fr\/index.php\/2026\/02\/09\/de-tout-jeunes-judokas-en-competition\/\" \/>\n<meta property=\"og:site_name\" content=\"Judo Club Gourdon\" \/>\n<meta property=\"article:publisher\" content=\"https:\/\/www.facebook.com\/profile.php?id=61550728800209\" \/>\n<meta property=\"article:published_time\" content=\"2026-02-09T07:21:08+00:00\" \/>\n<meta property=\"article:modified_time\" content=\"2026-02-09T07:29:50+00:00\" \/>\n<meta property=\"og:image\" content=\"https:\/\/judo-club-gourdon.fr\/wp-content\/uploads\/2026\/02\/1125.jpg\" \/>\n\t<meta property=\"og:image:width\" content=\"1280\" \/>\n\t<meta property=\"og:image:height\" content=\"853\" \/>\n\t<meta property=\"og:image:type\" content=\"image\/jpeg\" \/>\n<meta name=\"author\" content=\"Caroline Moore\" \/>\n<meta name=\"twitter:card\" content=\"summary_large_image\" \/>\n<meta name=\"twitter:label1\" content=\"\u00c9crit par\" \/>\n\t<meta name=\"twitter:data1\" content=\"Caroline Moore\" \/>\n\t<meta name=\"twitter:label2\" content=\"Dur\u00e9e de lecture estim\u00e9e\" \/>\n\t<meta name=\"twitter:data2\" content=\"1 minute\" \/>\n<script type=\"application\/ld+json\" class=\"yoast-schema-graph\">{\"@context\":\"https:\/\/schema.org\",\"@graph\":[{\"@type\":\"Article\",\"@id\":\"https:\/\/judo-club-gourdon.fr\/index.php\/2026\/02\/09\/de-tout-jeunes-judokas-en-competition\/#article\",\"isPartOf\":{\"@id\":\"https:\/\/judo-club-gourdon.fr\/index.php\/2026\/02\/09\/de-tout-jeunes-judokas-en-competition\/\"},\"author\":{\"name\":\"Caroline Moore\",\"@id\":\"https:\/\/judo-club-gourdon.fr\/#\/schema\/person\/d52f57a5e8bfd3d7c659138b64fe8228\"},\"headline\":\"De tout jeunes judokas en comp\u00e9tition\",\"datePublished\":\"2026-02-09T07:21:08+00:00\",\"dateModified\":\"2026-02-09T07:29:50+00:00\",\"mainEntityOfPage\":{\"@id\":\"https:\/\/judo-club-gourdon.fr\/index.php\/2026\/02\/09\/de-tout-jeunes-judokas-en-competition\/\"},\"wordCount\":179,\"publisher\":{\"@id\":\"https:\/\/judo-club-gourdon.fr\/#organization\"},\"image\":{\"@id\":\"https:\/\/judo-club-gourdon.fr\/index.php\/2026\/02\/09\/de-tout-jeunes-judokas-en-competition\/#primaryimage\"},\"thumbnailUrl\":\"https:\/\/judo-club-gourdon.fr\/wp-content\/uploads\/2026\/02\/1125-1024x682.jpg\",\"inLanguage\":\"fr-FR\"},{\"@type\":\"WebPage\",\"@id\":\"https:\/\/judo-club-gourdon.fr\/index.php\/2026\/02\/09\/de-tout-jeunes-judokas-en-competition\/\",\"url\":\"https:\/\/judo-club-gourdon.fr\/index.php\/2026\/02\/09\/de-tout-jeunes-judokas-en-competition\/\",\"name\":\"De tout jeunes judokas en comp\u00e9tition - Judo Club Gourdon\",\"isPartOf\":{\"@id\":\"https:\/\/judo-club-gourdon.fr\/#website\"},\"primaryImageOfPage\":{\"@id\":\"https:\/\/judo-club-gourdon.fr\/index.php\/2026\/02\/09\/de-tout-jeunes-judokas-en-competition\/#primaryimage\"},\"image\":{\"@id\":\"https:\/\/judo-club-gourdon.fr\/index.php\/2026\/02\/09\/de-tout-jeunes-judokas-en-competition\/#primaryimage\"},\"thumbnailUrl\":\"https:\/\/judo-club-gourdon.fr\/wp-content\/uploads\/2026\/02\/1125-1024x682.jpg\",\"datePublished\":\"2026-02-09T07:21:08+00:00\",\"dateModified\":\"2026-02-09T07:29:50+00:00\",\"breadcrumb\":{\"@id\":\"https:\/\/judo-club-gourdon.fr\/index.php\/2026\/02\/09\/de-tout-jeunes-judokas-en-competition\/#breadcrumb\"},\"inLanguage\":\"fr-FR\",\"potentialAction\":[{\"@type\":\"ReadAction\",\"target\":[\"https:\/\/judo-club-gourdon.fr\/index.php\/2026\/02\/09\/de-tout-jeunes-judokas-en-competition\/\"]}]},{\"@type\":\"ImageObject\",\"inLanguage\":\"fr-FR\",\"@id\":\"https:\/\/judo-club-gourdon.fr\/index.php\/2026\/02\/09\/de-tout-jeunes-judokas-en-competition\/#primaryimage\",\"url\":\"https:\/\/judo-club-gourdon.fr\/wp-content\/uploads\/2026\/02\/1125.jpg\",\"contentUrl\":\"https:\/\/judo-club-gourdon.fr\/wp-content\/uploads\/2026\/02\/1125.jpg\",\"width\":1280,\"height\":853},{\"@type\":\"BreadcrumbList\",\"@id\":\"https:\/\/judo-club-gourdon.fr\/index.php\/2026\/02\/09\/de-tout-jeunes-judokas-en-competition\/#breadcrumb\",\"itemListElement\":[{\"@type\":\"ListItem\",\"position\":1,\"name\":\"Accueil\",\"item\":\"https:\/\/judo-club-gourdon.fr\/\"},{\"@type\":\"ListItem\",\"position\":2,\"name\":\"De tout jeunes judokas en comp\u00e9tition\"}]},{\"@type\":\"WebSite\",\"@id\":\"https:\/\/judo-club-gourdon.fr\/#website\",\"url\":\"https:\/\/judo-club-gourdon.fr\/\",\"name\":\"Judo Club Gourdon\",\"description\":\"Judo Club Gourdon\",\"publisher\":{\"@id\":\"https:\/\/judo-club-gourdon.fr\/#organization\"},\"potentialAction\":[{\"@type\":\"SearchAction\",\"target\":{\"@type\":\"EntryPoint\",\"urlTemplate\":\"https:\/\/judo-club-gourdon.fr\/?s={search_term_string}\"},\"query-input\":{\"@type\":\"PropertyValueSpecification\",\"valueRequired\":true,\"valueName\":\"search_term_string\"}}],\"inLanguage\":\"fr-FR\"},{\"@type\":\"Organization\",\"@id\":\"https:\/\/judo-club-gourdon.fr\/#organization\",\"name\":\"Judo Club Gourdon\",\"url\":\"https:\/\/judo-club-gourdon.fr\/\",\"logo\":{\"@type\":\"ImageObject\",\"inLanguage\":\"fr-FR\",\"@id\":\"https:\/\/judo-club-gourdon.fr\/#\/schema\/logo\/image\/\",\"url\":\"https:\/\/judo-club-gourdon.fr\/wp-content\/uploads\/2024\/10\/Logojudo-e1728327390925.png\",\"contentUrl\":\"https:\/\/judo-club-gourdon.fr\/wp-content\/uploads\/2024\/10\/Logojudo-e1728327390925.png\",\"width\":50,\"height\":61,\"caption\":\"Judo Club Gourdon\"},\"image\":{\"@id\":\"https:\/\/judo-club-gourdon.fr\/#\/schema\/logo\/image\/\"},\"sameAs\":[\"https:\/\/www.facebook.com\/profile.php?id=61550728800209\"]},{\"@type\":\"Person\",\"@id\":\"https:\/\/judo-club-gourdon.fr\/#\/schema\/person\/d52f57a5e8bfd3d7c659138b64fe8228\",\"name\":\"Caroline Moore\",\"image\":{\"@type\":\"ImageObject\",\"inLanguage\":\"fr-FR\",\"@id\":\"https:\/\/judo-club-gourdon.fr\/#\/schema\/person\/image\/\",\"url\":\"https:\/\/secure.gravatar.com\/avatar\/bd2847aa35d7d75a0e99a979ec574bc49f981505e6226ac81a6acabfa71f8943?s=96&d=mm&r=g\",\"contentUrl\":\"https:\/\/secure.gravatar.com\/avatar\/bd2847aa35d7d75a0e99a979ec574bc49f981505e6226ac81a6acabfa71f8943?s=96&d=mm&r=g\",\"caption\":\"Caroline Moore\"},\"url\":\"https:\/\/judo-club-gourdon.fr\/index.php\/author\/carolinecam46\/\"}]}<\/script>\n<!-- \/ Yoast SEO plugin. -->","yoast_head_json":{"title":"De tout jeunes judokas en comp\u00e9tition - Judo Club Gourdon","robots":{"index":"index","follow":"follow","max-snippet":"max-snippet:-1","max-image-preview":"max-image-preview:large","max-video-preview":"max-video-preview:-1"},"canonical":"https:\/\/judo-club-gourdon.fr\/index.php\/2026\/02\/09\/de-tout-jeunes-judokas-en-competition\/","og_locale":"fr_FR","og_type":"article","og_title":"De tout jeunes judokas en comp\u00e9tition - Judo Club Gourdon","og_description":"Laetitia Fenelle \/ Patrice Sanz 1* animation d\u00e9partementale : 15\/11\/25 Ce dimanche, le gymnase du Vigan en Quercy s&rsquo;est transform\u00e9 en un gigantesque dojo pour recevoir une comp\u00e9tition de judo \u00e0 classement individuel, \u00e0 laquelle participaient quatorze clubs lotois. Un cours de Jiu-jitsu a \u00e9t\u00e9 donn\u00e9 le matin sous la direction du Figeacois Pascal Marcenac, [&hellip;]","og_url":"https:\/\/judo-club-gourdon.fr\/index.php\/2026\/02\/09\/de-tout-jeunes-judokas-en-competition\/","og_site_name":"Judo Club Gourdon","article_publisher":"https:\/\/www.facebook.com\/profile.php?id=61550728800209","article_published_time":"2026-02-09T07:21:08+00:00","article_modified_time":"2026-02-09T07:29:50+00:00","og_image":[{"width":1280,"height":853,"url":"https:\/\/judo-club-gourdon.fr\/wp-content\/uploads\/2026\/02\/1125.jpg","type":"image\/jpeg"}],"author":"Caroline Moore","twitter_card":"summary_large_image","twitter_misc":{"\u00c9crit par":"Caroline Moore","Dur\u00e9e de lecture estim\u00e9e":"1 minute"},"schema":{"@context":"https:\/\/schema.org","@graph":[{"@type":"Article","@id":"https:\/\/judo-club-gourdon.fr\/index.php\/2026\/02\/09\/de-tout-jeunes-judokas-en-competition\/#article","isPartOf":{"@id":"https:\/\/judo-club-gourdon.fr\/index.php\/2026\/02\/09\/de-tout-jeunes-judokas-en-competition\/"},"author":{"name":"Caroline Moore","@id":"https:\/\/judo-club-gourdon.fr\/#\/schema\/person\/d52f57a5e8bfd3d7c659138b64fe8228"},"headline":"De tout jeunes judokas en comp\u00e9tition","datePublished":"2026-02-09T07:21:08+00:00","dateModified":"2026-02-09T07:29:50+00:00","mainEntityOfPage":{"@id":"https:\/\/judo-club-gourdon.fr\/index.php\/2026\/02\/09\/de-tout-jeunes-judokas-en-competition\/"},"wordCount":179,"publisher":{"@id":"https:\/\/judo-club-gourdon.fr\/#organization"},"image":{"@id":"https:\/\/judo-club-gourdon.fr\/index.php\/2026\/02\/09\/de-tout-jeunes-judokas-en-competition\/#primaryimage"},"thumbnailUrl":"https:\/\/judo-club-gourdon.fr\/wp-content\/uploads\/2026\/02\/1125-1024x682.jpg","inLanguage":"fr-FR"},{"@type":"WebPage","@id":"https:\/\/judo-club-gourdon.fr\/index.php\/2026\/02\/09\/de-tout-jeunes-judokas-en-competition\/","url":"https:\/\/judo-club-gourdon.fr\/index.php\/2026\/02\/09\/de-tout-jeunes-judokas-en-competition\/","name":"De tout jeunes judokas en comp\u00e9tition - Judo Club Gourdon","isPartOf":{"@id":"https:\/\/judo-club-gourdon.fr\/#website"},"primaryImageOfPage":{"@id":"https:\/\/judo-club-gourdon.fr\/index.php\/2026\/02\/09\/de-tout-jeunes-judokas-en-competition\/#primaryimage"},"image":{"@id":"https:\/\/judo-club-gourdon.fr\/index.php\/2026\/02\/09\/de-tout-jeunes-judokas-en-competition\/#primaryimage"},"thumbnailUrl":"https:\/\/judo-club-gourdon.fr\/wp-content\/uploads\/2026\/02\/1125-1024x682.jpg","datePublished":"2026-02-09T07:21:08+00:00","dateModified":"2026-02-09T07:29:50+00:00","breadcrumb":{"@id":"https:\/\/judo-club-gourdon.fr\/index.php\/2026\/02\/09\/de-tout-jeunes-judokas-en-competition\/#breadcrumb"},"inLanguage":"fr-FR","potentialAction":[{"@type":"ReadAction","target":["https:\/\/judo-club-gourdon.fr\/index.php\/2026\/02\/09\/de-tout-jeunes-judokas-en-competition\/"]}]},{"@type":"ImageObject","inLanguage":"fr-FR","@id":"https:\/\/judo-club-gourdon.fr\/index.php\/2026\/02\/09\/de-tout-jeunes-judokas-en-competition\/#primaryimage","url":"https:\/\/judo-club-gourdon.fr\/wp-content\/uploads\/2026\/02\/1125.jpg","contentUrl":"https:\/\/judo-club-gourdon.fr\/wp-content\/uploads\/2026\/02\/1125.jpg","width":1280,"height":853},{"@type":"BreadcrumbList","@id":"https:\/\/judo-club-gourdon.fr\/index.php\/2026\/02\/09\/de-tout-jeunes-judokas-en-competition\/#breadcrumb","itemListElement":[{"@type":"ListItem","position":1,"name":"Accueil","item":"https:\/\/judo-club-gourdon.fr\/"},{"@type":"ListItem","position":2,"name":"De tout jeunes judokas en comp\u00e9tition"}]},{"@type":"WebSite","@id":"https:\/\/judo-club-gourdon.fr\/#website","url":"https:\/\/judo-club-gourdon.fr\/","name":"Judo Club Gourdon","description":"Judo Club Gourdon","publisher":{"@id":"https:\/\/judo-club-gourdon.fr\/#organization"},"potentialAction":[{"@type":"SearchAction","target":{"@type":"EntryPoint","urlTemplate":"https:\/\/judo-club-gourdon.fr\/?s={search_term_string}"},"query-input":{"@type":"PropertyValueSpecification","valueRequired":true,"valueName":"search_term_string"}}],"inLanguage":"fr-FR"},{"@type":"Organization","@id":"https:\/\/judo-club-gourdon.fr\/#organization","name":"Judo Club Gourdon","url":"https:\/\/judo-club-gourdon.fr\/","logo":{"@type":"ImageObject","inLanguage":"fr-FR","@id":"https:\/\/judo-club-gourdon.fr\/#\/schema\/logo\/image\/","url":"https:\/\/judo-club-gourdon.fr\/wp-content\/uploads\/2024\/10\/Logojudo-e1728327390925.png","contentUrl":"https:\/\/judo-club-gourdon.fr\/wp-content\/uploads\/2024\/10\/Logojudo-e1728327390925.png","width":50,"height":61,"caption":"Judo Club Gourdon"},"image":{"@id":"https:\/\/judo-club-gourdon.fr\/#\/schema\/logo\/image\/"},"sameAs":["https:\/\/www.facebook.com\/profile.php?id=61550728800209"]},{"@type":"Person","@id":"https:\/\/judo-club-gourdon.fr\/#\/schema\/person\/d52f57a5e8bfd3d7c659138b64fe8228","name":"Caroline Moore","image":{"@type":"ImageObject","inLanguage":"fr-FR","@id":"https:\/\/judo-club-gourdon.fr\/#\/schema\/person\/image\/","url":"https:\/\/secure.gravatar.com\/avatar\/bd2847aa35d7d75a0e99a979ec574bc49f981505e6226ac81a6acabfa71f8943?s=96&d=mm&r=g","contentUrl":"https:\/\/secure.gravatar.com\/avatar\/bd2847aa35d7d75a0e99a979ec574bc49f981505e6226ac81a6acabfa71f8943?s=96&d=mm&r=g","caption":"Caroline Moore"},"url":"https:\/\/judo-club-gourdon.fr\/index.php\/author\/carolinecam46\/"}]}},"_links":{"self":[{"href":"https:\/\/judo-club-gourdon.fr\/index.php\/wp-json\/wp\/v2\/posts\/242","targetHints":{"allow":["GET"]}}],"collection":[{"href":"https:\/\/judo-club-gourdon.fr\/index.php\/wp-json\/wp\/v2\/posts"}],"about":[{"href":"https:\/\/judo-club-gourdon.fr\/index.php\/wp-json\/wp\/v2\/types\/post"}],"author":[{"embeddable":true,"href":"https:\/\/judo-club-gourdon.fr\/index.php\/wp-json\/wp\/v2\/users\/2"}],"replies":[{"embeddable":true,"href":"https:\/\/judo-club-gourdon.fr\/index.php\/wp-json\/wp\/v2\/comments?post=242"}],"version-history":[{"count":3,"href":"https:\/\/judo-club-gourdon.fr\/index.php\/wp-json\/wp\/v2\/posts\/242\/revisions"}],"predecessor-version":[{"id":248,"href":"https:\/\/judo-club-gourdon.fr\/index.php\/wp-json\/wp\/v2\/posts\/242\/revisions\/248"}],"wp:attachment":[{"href":"https:\/\/judo-club-gourdon.fr\/index.php\/wp-json\/wp\/v2\/media?parent=242"}],"wp:term":[{"taxonomy":"category","embeddable":true,"href":"https:\/\/judo-club-gourdon.fr\/index.php\/wp-json\/wp\/v2\/categories?post=242"},{"taxonomy":"post_tag","embeddable":true,"href":"https:\/\/judo-club-gourdon.fr\/index.php\/wp-json\/wp\/v2\/tags?post=242"}],"curies":[{"name":"wp","href":"https:\/\/api.w.org\/{rel}","templated":true}]}}